{"id":7795,"date":"2025-02-21T11:05:34","date_gmt":"2025-02-21T10:05:34","guid":{"rendered":"https:\/\/vallfort.com\/historia\/"},"modified":"2025-02-28T11:44:25","modified_gmt":"2025-02-28T10:44:25","slug":"historia","status":"publish","type":"post","link":"https:\/\/vallfort.com\/ca\/historia\/","title":{"rendered":"Hist\u00f2ria"},"content":{"rendered":"\n<figure class=\"wp-block-image size-full\"><img fetchpriority=\"high\" decoding=\"async\" width=\"1000\" height=\"667\" src=\"https:\/\/vallfort.com\/wp-content\/uploads\/2025\/02\/z-MASIA-VALLFORT-12-e1609147816580.jpg\" alt=\"\" class=\"wp-image-4641\" title=\"\" srcset=\"https:\/\/vallfort.com\/wp-content\/uploads\/2025\/02\/z-MASIA-VALLFORT-12-e1609147816580.jpg 1000w, https:\/\/vallfort.com\/wp-content\/uploads\/2025\/02\/z-MASIA-VALLFORT-12-e1609147816580-300x200.jpg 300w, https:\/\/vallfort.com\/wp-content\/uploads\/2025\/02\/z-MASIA-VALLFORT-12-e1609147816580-768x512.jpg 768w\" sizes=\"(max-width: 1000px) 100vw, 1000px\" \/><\/figure>\n\n<h2 class=\"wp-block-heading\">Hist\u00f2ria de Masia Vallfort, un edifici medieval<\/h2>\n\n<p class=\"wp-block-paragraph\">Est\u00e0 documentat el senyor Bernat de Vallfort, cavaller de l&#8217;any 1213. Al llarg de la hist\u00f2ria, la masia Vallfort ha estat modificada i \u00e9s un edifici fortificat amb origen registrat del segle XV.<\/p>\n\n<p class=\"wp-block-paragraph\">Edifici situat sobre una petita muntanya a la vora de la riera de Marmellar, molt a prop de Lleger.<\/p>\n\n<figure class=\"wp-block-image size-large derecha\"><img decoding=\"async\" width=\"1024\" height=\"679\" src=\"https:\/\/vallfort.com\/wp-content\/uploads\/2025\/02\/patio-1024x679.jpg\" alt=\"\" class=\"wp-image-4625\" title=\"\" srcset=\"https:\/\/vallfort.com\/wp-content\/uploads\/2025\/02\/patio-1024x679.jpg 1024w, https:\/\/vallfort.com\/wp-content\/uploads\/2025\/02\/patio-300x199.jpg 300w, https:\/\/vallfort.com\/wp-content\/uploads\/2025\/02\/patio-768x509.jpg 768w, https:\/\/vallfort.com\/wp-content\/uploads\/2025\/02\/patio-1536x1019.jpg 1536w, https:\/\/vallfort.com\/wp-content\/uploads\/2025\/02\/patio-2048x1358.jpg 2048w\" sizes=\"(max-width: 1024px) 100vw, 1024px\" \/><\/figure>\n\n<p class=\"wp-block-paragraph\">S&#8217;accedeix mitjan\u00e7ant un baluard amb una porta d&#8217;arc rebaixat. L&#8217;estructura de l&#8217;edifici \u00e9s sostinguda per contraforts.<\/p>\n\n<p class=\"wp-block-paragraph\">Els materials emprats s\u00f3n sillares irregulars, aix\u00ed com tamb\u00e9 destaca el car\u00e0cter defensiu de la seva muralla.<\/p>\n\n<div class=\"wp-block-columns is-layout-flex wp-container-core-columns-is-layout-7387b849 wp-block-columns-is-layout-flex\">\n<div class=\"wp-block-column is-layout-flow wp-block-column-is-layout-flow\">\n<figure class=\"wp-block-image size-full\"><img decoding=\"async\" width=\"456\" height=\"683\" src=\"https:\/\/vallfort.com\/wp-content\/uploads\/2025\/02\/Puerta-vista-1.jpg\" alt=\"\" class=\"wp-image-4633\" title=\"\" srcset=\"https:\/\/vallfort.com\/wp-content\/uploads\/2025\/02\/Puerta-vista-1.jpg 456w, https:\/\/vallfort.com\/wp-content\/uploads\/2025\/02\/Puerta-vista-1-200x300.jpg 200w\" sizes=\"(max-width: 456px) 100vw, 456px\" \/><\/figure>\n<\/div>\n\n\n\n<div class=\"wp-block-column is-vertically-aligned-center is-layout-flow wp-block-column-is-layout-flow\">\n<p class=\"wp-block-paragraph\">El conjunt compta amb diferents etapes constructives i conserva el pas de la seva hist\u00f2ria, com a enclavament defensiu a La Marca i visible als seus alts sostres i els seus arcs de pedra.<\/p>\n<\/div>\n<\/div>\n\n<div class=\"wp-block-columns is-layout-flex wp-container-core-columns-is-layout-7387b849 wp-block-columns-is-layout-flex\">\n<div class=\"wp-block-column is-vertically-aligned-center is-layout-flow wp-block-column-is-layout-flow\">\n<p class=\"wp-block-paragraph\">Algunes premses de 1788 ens descobreixen la import\u00e0ncia del passat d&#8217;aquesta masia, que va ser granja de monjos i <a href=\"https:\/\/vallfort.com\/masia-vallfort\/masia-vallfort-alojamiento\/\" target=\"_blank\" rel=\"noreferrer noopener\">refugi<\/a> de cavallers al Pened\u00e8s, terra de vins, caves i natura.<\/p>\n<\/div>\n\n\n\n<div class=\"wp-block-column is-vertically-aligned-center is-layout-flow wp-block-column-is-layout-flow\">\n<figure class=\"wp-block-image size-full derecha\"><img loading=\"lazy\" decoding=\"async\" width=\"450\" height=\"300\" src=\"https:\/\/vallfort.com\/wp-content\/uploads\/2025\/02\/prensas-vallfort.jpg\" alt=\"\" class=\"wp-image-4629\" title=\"\" srcset=\"https:\/\/vallfort.com\/wp-content\/uploads\/2025\/02\/prensas-vallfort.jpg 450w, https:\/\/vallfort.com\/wp-content\/uploads\/2025\/02\/prensas-vallfort-300x200.jpg 300w\" sizes=\"(max-width: 450px) 100vw, 450px\" \/><\/figure>\n<\/div>\n<\/div>\n\n<h3 class=\"wp-block-heading\">Refer\u00e8ncies hist\u00f2riques<\/h3>\n\n<p class=\"wp-block-paragraph\">La masia Vallfort \u00e9s un edifici catalogat com a monument nacional i apareix en nombroses <a href=\"https:\/\/www.wikidata.org\/wiki\/Q43127125\" target=\"_blank\" rel=\"noreferrer noopener nofollow\">refer\u00e8ncies<\/a> medievals.<\/p>\n\n<p class=\"wp-block-paragraph\">A m\u00e9s, compta amb un rellotge de sol amb figures i personatges de l&#8217;\u00e8poca.<\/p>\n\n<figure class=\"wp-block-image size-large\"><img loading=\"lazy\" decoding=\"async\" width=\"1024\" height=\"768\" src=\"https:\/\/vallfort.com\/wp-content\/uploads\/2025\/02\/Reloj-de-sol-Vallfort-scaled-1-1024x768.jpg\" alt=\"\" class=\"wp-image-4637\" title=\"\" srcset=\"https:\/\/vallfort.com\/wp-content\/uploads\/2025\/02\/Reloj-de-sol-Vallfort-scaled-1-1024x768.jpg 1024w, https:\/\/vallfort.com\/wp-content\/uploads\/2025\/02\/Reloj-de-sol-Vallfort-scaled-1-300x225.jpg 300w, https:\/\/vallfort.com\/wp-content\/uploads\/2025\/02\/Reloj-de-sol-Vallfort-scaled-1-768x576.jpg 768w, https:\/\/vallfort.com\/wp-content\/uploads\/2025\/02\/Reloj-de-sol-Vallfort-scaled-1-1536x1152.jpg 1536w, https:\/\/vallfort.com\/wp-content\/uploads\/2025\/02\/Reloj-de-sol-Vallfort-scaled-1-2048x1536.jpg 2048w\" sizes=\"(max-width: 1024px) 100vw, 1024px\" \/><\/figure>\n\n<p class=\"wp-block-paragraph\">Vine a visitar la masia Vallfort per descobrir tots els seus racons plens d&#8217;hist\u00f2ria.<\/p>\n\n<p class=\"wp-block-paragraph\"><\/p>\n","protected":false},"excerpt":{"rendered":"<p>Hist\u00f2ria de Masia Vallfort, un edifici medieval Est\u00e0 documentat el senyor Bernat de Vallfort, cavaller de l&#8217;any 1213. Al llarg de la hist\u00f2ria, la masia Vallfort ha estat modificada i \u00e9s un edifici fortificat amb origen registrat del segle XV. Edifici situat sobre una petita muntanya a la vora de la riera de Marmellar, molt [&hellip;]<\/p>\n","protected":false},"author":1,"featured_media":7273,"comment_status":"open","ping_status":"open","sticky":false,"template":"","format":"standard","meta":{"_acf_changed":false,"footnotes":""},"categories":[40],"tags":[],"class_list":["post-7795","post","type-post","status-publish","format-standard","has-post-thumbnail","hentry","category-sin-categoria-ca"],"acf":[],"_links":{"self":[{"href":"https:\/\/vallfort.com\/ca\/wp-json\/wp\/v2\/posts\/7795","targetHints":{"allow":["GET"]}}],"collection":[{"href":"https:\/\/vallfort.com\/ca\/wp-json\/wp\/v2\/posts"}],"about":[{"href":"https:\/\/vallfort.com\/ca\/wp-json\/wp\/v2\/types\/post"}],"author":[{"embeddable":true,"href":"https:\/\/vallfort.com\/ca\/wp-json\/wp\/v2\/users\/1"}],"replies":[{"embeddable":true,"href":"https:\/\/vallfort.com\/ca\/wp-json\/wp\/v2\/comments?post=7795"}],"version-history":[{"count":1,"href":"https:\/\/vallfort.com\/ca\/wp-json\/wp\/v2\/posts\/7795\/revisions"}],"predecessor-version":[{"id":7796,"href":"https:\/\/vallfort.com\/ca\/wp-json\/wp\/v2\/posts\/7795\/revisions\/7796"}],"wp:featuredmedia":[{"embeddable":true,"href":"https:\/\/vallfort.com\/ca\/wp-json\/wp\/v2\/media\/7273"}],"wp:attachment":[{"href":"https:\/\/vallfort.com\/ca\/wp-json\/wp\/v2\/media?parent=7795"}],"wp:term":[{"taxonomy":"category","embeddable":true,"href":"https:\/\/vallfort.com\/ca\/wp-json\/wp\/v2\/categories?post=7795"},{"taxonomy":"post_tag","embeddable":true,"href":"https:\/\/vallfort.com\/ca\/wp-json\/wp\/v2\/tags?post=7795"}],"curies":[{"name":"wp","href":"https:\/\/api.w.org\/{rel}","templated":true}]}}