{"id":7705,"date":"2025-02-21T11:05:34","date_gmt":"2025-02-21T10:05:34","guid":{"rendered":"https:\/\/vallfort.com\/histoire\/"},"modified":"2025-02-27T12:14:28","modified_gmt":"2025-02-27T11:14:28","slug":"histoire","status":"publish","type":"post","link":"https:\/\/vallfort.com\/fr\/histoire\/","title":{"rendered":"Histoire"},"content":{"rendered":"\n<figure class=\"wp-block-image size-full\"><img fetchpriority=\"high\" decoding=\"async\" width=\"1000\" height=\"667\" src=\"https:\/\/vallfort.com\/wp-content\/uploads\/2025\/02\/z-MASIA-VALLFORT-12-e1609147816580.jpg\" alt=\"\" class=\"wp-image-4641\" title=\"\" srcset=\"https:\/\/vallfort.com\/wp-content\/uploads\/2025\/02\/z-MASIA-VALLFORT-12-e1609147816580.jpg 1000w, https:\/\/vallfort.com\/wp-content\/uploads\/2025\/02\/z-MASIA-VALLFORT-12-e1609147816580-300x200.jpg 300w, https:\/\/vallfort.com\/wp-content\/uploads\/2025\/02\/z-MASIA-VALLFORT-12-e1609147816580-768x512.jpg 768w\" sizes=\"(max-width: 1000px) 100vw, 1000px\" \/><\/figure>\n\n<h2 class=\"wp-block-heading\">Histoire de Mas\u00eda Vallfort, un b\u00e2timent m\u00e9di\u00e9val<\/h2>\n\n<p class=\"wp-block-paragraph\">Le seigneur Bernat de Vallfort, chevalier, est document\u00e9 depuis l&rsquo;ann\u00e9e 1213. Tout au long de l&rsquo;histoire, la masia Vallfort a \u00e9t\u00e9 modifi\u00e9e et est un b\u00e2timent fortifi\u00e9 dont l&rsquo;origine remonte au XVe si\u00e8cle.<\/p>\n\n<p class=\"wp-block-paragraph\">B\u00e2timent situ\u00e9 sur une petite colline au bord du ruisseau de Marmellar, tr\u00e8s pr\u00e8s de Lleger.<\/p>\n\n<figure class=\"wp-block-image size-large derecha\"><img decoding=\"async\" width=\"1024\" height=\"679\" src=\"https:\/\/vallfort.com\/wp-content\/uploads\/2025\/02\/patio-1024x679.jpg\" alt=\"\" class=\"wp-image-4625\" title=\"\" srcset=\"https:\/\/vallfort.com\/wp-content\/uploads\/2025\/02\/patio-1024x679.jpg 1024w, https:\/\/vallfort.com\/wp-content\/uploads\/2025\/02\/patio-300x199.jpg 300w, https:\/\/vallfort.com\/wp-content\/uploads\/2025\/02\/patio-768x509.jpg 768w, https:\/\/vallfort.com\/wp-content\/uploads\/2025\/02\/patio-1536x1019.jpg 1536w, https:\/\/vallfort.com\/wp-content\/uploads\/2025\/02\/patio-2048x1358.jpg 2048w\" sizes=\"(max-width: 1024px) 100vw, 1024px\" \/><\/figure>\n\n<p class=\"wp-block-paragraph\">L&rsquo;acc\u00e8s se fait par un bastion avec une porte \u00e0 arc abaiss\u00e9. La structure du b\u00e2timent est soutenue par des contreforts.<\/p>\n\n<p class=\"wp-block-paragraph\">Les mat\u00e9riaux utilis\u00e9s sont des pierres de taille irr\u00e9guli\u00e8res, et le caract\u00e8re d\u00e9fensif de ses murs est \u00e9galement remarquable.<\/p>\n\n<div class=\"wp-block-columns is-layout-flex wp-container-core-columns-is-layout-7387b849 wp-block-columns-is-layout-flex\">\n<div class=\"wp-block-column is-layout-flow wp-block-column-is-layout-flow\">\n<figure class=\"wp-block-image size-full\"><img decoding=\"async\" width=\"456\" height=\"683\" src=\"https:\/\/vallfort.com\/wp-content\/uploads\/2025\/02\/Puerta-vista-1.jpg\" alt=\"\" class=\"wp-image-4633\" title=\"\" srcset=\"https:\/\/vallfort.com\/wp-content\/uploads\/2025\/02\/Puerta-vista-1.jpg 456w, https:\/\/vallfort.com\/wp-content\/uploads\/2025\/02\/Puerta-vista-1-200x300.jpg 200w\" sizes=\"(max-width: 456px) 100vw, 456px\" \/><\/figure>\n<\/div>\n\n\n\n<div class=\"wp-block-column is-vertically-aligned-center is-layout-flow wp-block-column-is-layout-flow\">\n<p class=\"wp-block-paragraph\">L&rsquo;ensemble pr\u00e9sente diff\u00e9rentes \u00e9tapes de construction et conserve les traces de son histoire, en tant que site d\u00e9fensif de La Marca, visibles dans ses hauts plafonds et ses arches en pierre.<\/p>\n<\/div>\n<\/div>\n\n<div class=\"wp-block-columns is-layout-flex wp-container-core-columns-is-layout-7387b849 wp-block-columns-is-layout-flex\">\n<div class=\"wp-block-column is-vertically-aligned-center is-layout-flow wp-block-column-is-layout-flow\">\n<p class=\"wp-block-paragraph\">Des presses datant de 1788 nous r\u00e9v\u00e8lent l&rsquo;importance du pass\u00e9 de cette masia, qui fut une ferme de moines et un <a href=\"https:\/\/vallfort.com\/masia-vallfort\/masia-vallfort-alojamiento\/\" target=\"_blank\" rel=\"noreferrer noopener\">refuge<\/a> pour les chevaliers dans le Pened\u00e8s, terre de vins, de cavas et de nature.<\/p>\n<\/div>\n\n\n\n<div class=\"wp-block-column is-vertically-aligned-center is-layout-flow wp-block-column-is-layout-flow\">\n<figure class=\"wp-block-image size-full derecha\"><img loading=\"lazy\" decoding=\"async\" width=\"450\" height=\"300\" src=\"https:\/\/vallfort.com\/wp-content\/uploads\/2025\/02\/prensas-vallfort.jpg\" alt=\"\" class=\"wp-image-4629\" title=\"\" srcset=\"https:\/\/vallfort.com\/wp-content\/uploads\/2025\/02\/prensas-vallfort.jpg 450w, https:\/\/vallfort.com\/wp-content\/uploads\/2025\/02\/prensas-vallfort-300x200.jpg 300w\" sizes=\"(max-width: 450px) 100vw, 450px\" \/><\/figure>\n<\/div>\n<\/div>\n\n<h3 class=\"wp-block-heading\">R\u00e9f\u00e9rences historiques<\/h3>\n\n<p class=\"wp-block-paragraph\">La masia Vallfort est un b\u00e2timent class\u00e9 monument national et appara\u00eet dans de nombreuses <a href=\"https:\/\/www.wikidata.org\/wiki\/Q43127125\" target=\"_blank\" rel=\"noreferrer noopener nofollow\">r\u00e9f\u00e9rences<\/a> m\u00e9di\u00e9vales.<\/p>\n\n<p class=\"wp-block-paragraph\">De plus, elle poss\u00e8de un cadran solaire avec des figures et des personnages de l&rsquo;\u00e9poque.<\/p>\n\n<figure class=\"wp-block-image size-large\"><img loading=\"lazy\" decoding=\"async\" width=\"1024\" height=\"768\" src=\"https:\/\/vallfort.com\/wp-content\/uploads\/2025\/02\/Reloj-de-sol-Vallfort-scaled-1-1024x768.jpg\" alt=\"\" class=\"wp-image-4637\" title=\"\" srcset=\"https:\/\/vallfort.com\/wp-content\/uploads\/2025\/02\/Reloj-de-sol-Vallfort-scaled-1-1024x768.jpg 1024w, https:\/\/vallfort.com\/wp-content\/uploads\/2025\/02\/Reloj-de-sol-Vallfort-scaled-1-300x225.jpg 300w, https:\/\/vallfort.com\/wp-content\/uploads\/2025\/02\/Reloj-de-sol-Vallfort-scaled-1-768x576.jpg 768w, https:\/\/vallfort.com\/wp-content\/uploads\/2025\/02\/Reloj-de-sol-Vallfort-scaled-1-1536x1152.jpg 1536w, https:\/\/vallfort.com\/wp-content\/uploads\/2025\/02\/Reloj-de-sol-Vallfort-scaled-1-2048x1536.jpg 2048w\" sizes=\"(max-width: 1024px) 100vw, 1024px\" \/><\/figure>\n\n<p class=\"wp-block-paragraph\">Venez visiter la masia Vallfort pour d\u00e9couvrir tous ses coins charg\u00e9s d&rsquo;histoire.<\/p>\n\n<p class=\"wp-block-paragraph\"><\/p>\n","protected":false},"excerpt":{"rendered":"<p>Histoire de Mas\u00eda Vallfort, un b\u00e2timent m\u00e9di\u00e9val Le seigneur Bernat de Vallfort, chevalier, est document\u00e9 depuis l&rsquo;ann\u00e9e 1213. Tout au long de l&rsquo;histoire, la masia Vallfort a \u00e9t\u00e9 modifi\u00e9e et est un b\u00e2timent fortifi\u00e9 dont l&rsquo;origine remonte au XVe si\u00e8cle. B\u00e2timent situ\u00e9 sur une petite colline au bord du ruisseau de Marmellar, tr\u00e8s pr\u00e8s de [&hellip;]<\/p>\n","protected":false},"author":1,"featured_media":7275,"comment_status":"open","ping_status":"open","sticky":false,"template":"","format":"standard","meta":{"_acf_changed":false,"footnotes":""},"categories":[23],"tags":[],"class_list":["post-7705","post","type-post","status-publish","format-standard","has-post-thumbnail","hentry","category-non-categorise"],"acf":[],"_links":{"self":[{"href":"https:\/\/vallfort.com\/fr\/wp-json\/wp\/v2\/posts\/7705","targetHints":{"allow":["GET"]}}],"collection":[{"href":"https:\/\/vallfort.com\/fr\/wp-json\/wp\/v2\/posts"}],"about":[{"href":"https:\/\/vallfort.com\/fr\/wp-json\/wp\/v2\/types\/post"}],"author":[{"embeddable":true,"href":"https:\/\/vallfort.com\/fr\/wp-json\/wp\/v2\/users\/1"}],"replies":[{"embeddable":true,"href":"https:\/\/vallfort.com\/fr\/wp-json\/wp\/v2\/comments?post=7705"}],"version-history":[{"count":1,"href":"https:\/\/vallfort.com\/fr\/wp-json\/wp\/v2\/posts\/7705\/revisions"}],"predecessor-version":[{"id":7706,"href":"https:\/\/vallfort.com\/fr\/wp-json\/wp\/v2\/posts\/7705\/revisions\/7706"}],"wp:featuredmedia":[{"embeddable":true,"href":"https:\/\/vallfort.com\/fr\/wp-json\/wp\/v2\/media\/7275"}],"wp:attachment":[{"href":"https:\/\/vallfort.com\/fr\/wp-json\/wp\/v2\/media?parent=7705"}],"wp:term":[{"taxonomy":"category","embeddable":true,"href":"https:\/\/vallfort.com\/fr\/wp-json\/wp\/v2\/categories?post=7705"},{"taxonomy":"post_tag","embeddable":true,"href":"https:\/\/vallfort.com\/fr\/wp-json\/wp\/v2\/tags?post=7705"}],"curies":[{"name":"wp","href":"https:\/\/api.w.org\/{rel}","templated":true}]}}