{"id":7711,"date":"2025-02-21T11:20:23","date_gmt":"2025-02-21T10:20:23","guid":{"rendered":"https:\/\/vallfort.com\/gastronomie\/"},"modified":"2025-02-27T12:28:24","modified_gmt":"2025-02-27T11:28:24","slug":"gastronomie","status":"publish","type":"post","link":"https:\/\/vallfort.com\/fr\/gastronomie\/","title":{"rendered":"Gastronomie"},"content":{"rendered":"\n<figure class=\"wp-block-image size-large\"><img fetchpriority=\"high\" decoding=\"async\" width=\"1024\" height=\"683\" src=\"https:\/\/vallfort.com\/wp-content\/uploads\/2025\/02\/vallfort-celebracion-1024x683.jpg\" alt=\"\" class=\"wp-image-4728\" title=\"\" srcset=\"https:\/\/vallfort.com\/wp-content\/uploads\/2025\/02\/vallfort-celebracion-1024x683.jpg 1024w, https:\/\/vallfort.com\/wp-content\/uploads\/2025\/02\/vallfort-celebracion-300x200.jpg 300w, https:\/\/vallfort.com\/wp-content\/uploads\/2025\/02\/vallfort-celebracion-768x512.jpg 768w, https:\/\/vallfort.com\/wp-content\/uploads\/2025\/02\/vallfort-celebracion-1536x1024.jpg 1536w, https:\/\/vallfort.com\/wp-content\/uploads\/2025\/02\/vallfort-celebracion.jpg 2048w\" sizes=\"(max-width: 1024px) 100vw, 1024px\" \/><\/figure>\n\n<h2 class=\"wp-block-heading\" id=\"h-gastronomia-en-el-penedes-paella-fideua-calcotada-o-carne-a-la-brasa\">Gastronomie du Pened\u00e8s : paella, fideu\u00e1, cal\u00e7otada ou viande grill\u00e9e.<\/h2>\n\n<p class=\"wp-block-paragraph\"><\/p>\n\n<p class=\"wp-block-paragraph\">Mas\u00eda Vallfort offre la possibilit\u00e9 de savourer la meilleure gastronomie. Profitez de la meilleure cuisine pour votre c\u00e9l\u00e9bration, <a href=\"https:\/\/vallfort.com\/contacto-evento-masia\/\" target=\"_blank\" rel=\"noreferrer noopener\">contactez-nous<\/a> pour recevoir des propositions pour votre \u00e9v\u00e9nement.<\/p>\n\n<figure class=\"wp-block-image size-full derecha\"><img decoding=\"async\" width=\"768\" height=\"512\" src=\"https:\/\/vallfort.com\/wp-content\/uploads\/2025\/02\/calcots.jpg\" alt=\"\" class=\"wp-image-4708\" title=\"\" srcset=\"https:\/\/vallfort.com\/wp-content\/uploads\/2025\/02\/calcots.jpg 768w, https:\/\/vallfort.com\/wp-content\/uploads\/2025\/02\/calcots-300x200.jpg 300w\" sizes=\"(max-width: 768px) 100vw, 768px\" \/><\/figure>\n\n<p class=\"wp-block-paragraph\"><\/p>\n\n<p class=\"wp-block-paragraph\">Profitez \u00e9galement d&rsquo;un petit-d\u00e9jeuner, d\u00e9jeuner ou d\u00eener avec des produits locaux du Pened\u00e8s. <span class=\"fontstyle0\">Mettez-vous en <a href=\"https:\/\/vallfort.com\/contacto\/\" target=\"_blank\" rel=\"noreferrer noopener\">contact<\/a> avec nous pour d\u00e9guster la gastronomie locale du Pened\u00e8s.<\/span><\/p>\n\n<p class=\"wp-block-paragraph\"><\/p>\n\n<figure class=\"wp-block-image size-full\"><img decoding=\"async\" width=\"510\" height=\"340\" src=\"https:\/\/vallfort.com\/wp-content\/uploads\/2025\/02\/paella-1.jpg\" alt=\"\" class=\"wp-image-4724\" title=\"\" srcset=\"https:\/\/vallfort.com\/wp-content\/uploads\/2025\/02\/paella-1.jpg 510w, https:\/\/vallfort.com\/wp-content\/uploads\/2025\/02\/paella-1-300x200.jpg 300w\" sizes=\"(max-width: 510px) 100vw, 510px\" \/><\/figure>\n\n<h2 class=\"wp-block-heading\" id=\"h-visita-a-una-bodega-de-vino-y-cava-en-el-penedes\">Visite d&rsquo;une cave \u00e0 vin et cava dans le Pened\u00e8s<\/h2>\n\n<p class=\"wp-block-paragraph\"><\/p>\n\n<p class=\"wp-block-paragraph\">Le Pened\u00e8s est une terre de vin et de cava, offrant de nombreuses caves aux caract\u00e9ristiques vari\u00e9es qui proposent des visites guid\u00e9es, des d\u00e9gustations et des s\u00e9ances de d\u00e9gustation.<\/p>\n\n<p class=\"wp-block-paragraph\">Certaines de ces caves organisent des visites pour d\u00e9guster leurs meilleurs vins et cavas, et se trouvent \u00e0 quelques kilom\u00e8tres de Vallfort.<\/p>\n\n<p class=\"wp-block-paragraph\"><\/p>\n\n<figure class=\"wp-block-image size-full derecha\"><img loading=\"lazy\" decoding=\"async\" width=\"700\" height=\"525\" src=\"https:\/\/vallfort.com\/wp-content\/uploads\/2025\/02\/cava-1-700x525-1.jpeg\" alt=\"\" class=\"wp-image-4712\" title=\"\" srcset=\"https:\/\/vallfort.com\/wp-content\/uploads\/2025\/02\/cava-1-700x525-1.jpeg 700w, https:\/\/vallfort.com\/wp-content\/uploads\/2025\/02\/cava-1-700x525-1-300x225.jpeg 300w\" sizes=\"(max-width: 700px) 100vw, 700px\" \/><\/figure>\n\n<p class=\"wp-block-paragraph\">Il est possible de visiter certaines caves de la r\u00e9gion \u00e0 pied ou en voiture depuis Vallfort. \u00c0 moins de 3 km de promenade entre les vignes, vous trouverez la cave <a href=\"https:\/\/www.cavasbolet.com\/\" target=\"_blank\" rel=\"noreferrer noopener nofollow\">Bolet<\/a>. \u00c0 proximit\u00e9 se trouve \u00e9galement <a href=\"https:\/\/www.oriolrossell.com\/es\/\" target=\"_blank\" rel=\"noreferrer noopener nofollow\">Oriol Rossell<\/a>. \u00c0 15 km de Vallfort, vous pouvez visiter <a href=\"https:\/\/paresbalta.com\/es\/\" target=\"_blank\" rel=\"noreferrer noopener nofollow\">Par\u00e9s Balt\u00e0<\/a>, et \u00e0 12 km de Vallfort, \u00e0 Sant Sadurn\u00ed d&rsquo;Anoia, se trouve <a href=\"https:\/\/www.gramona.com\/es\/visitanos\/\" target=\"_blank\" rel=\"noreferrer noopener nofollow\">Gramona<\/a>.<\/p>\n\n<p class=\"wp-block-paragraph\">Pour organiser une visite et une d\u00e9gustation, il est n\u00e9cessaire de faire une r\u00e9servation. N&rsquo;h\u00e9sitez pas \u00e0 mentionner que vous venez de la part de Mas\u00eda Vallfort.<\/p>\n\n<p class=\"wp-block-paragraph\">Nous esp\u00e9rons que vous appr\u00e9cierez la visite de leurs vignobles, de la cave et surtout de leurs vins et cavas. De plus, ces caves disposent de leur propre production biologique.<\/p>\n\n<p class=\"wp-block-paragraph\"><\/p>\n\n<figure class=\"wp-block-image size-full\"><img loading=\"lazy\" decoding=\"async\" width=\"700\" height=\"700\" src=\"https:\/\/vallfort.com\/wp-content\/uploads\/2025\/02\/halcon-de-vallfort-e1591632708248-700x700-1.jpeg\" alt=\"\" class=\"wp-image-4720\" title=\"\" srcset=\"https:\/\/vallfort.com\/wp-content\/uploads\/2025\/02\/halcon-de-vallfort-e1591632708248-700x700-1.jpeg 700w, https:\/\/vallfort.com\/wp-content\/uploads\/2025\/02\/halcon-de-vallfort-e1591632708248-700x700-1-300x300.jpeg 300w, https:\/\/vallfort.com\/wp-content\/uploads\/2025\/02\/halcon-de-vallfort-e1591632708248-700x700-1-150x150.jpeg 150w\" sizes=\"(max-width: 700px) 100vw, 700px\" \/><\/figure>\n\n<p class=\"wp-block-paragraph\">Profitez des vins et cavas tout en admirant le paysage des vignobles, en vous promenant sur les chemins du Pened\u00e8s. Il s&rsquo;agit d&rsquo;un environnement o\u00f9 l&rsquo;agriculture coexiste avec la nature depuis des milliers d&rsquo;ann\u00e9es.<\/p>\n\n<p class=\"wp-block-paragraph\">Prenez soin de l&rsquo;environnement et aidez-nous \u00e0 le pr\u00e9server!<\/p>\n","protected":false},"excerpt":{"rendered":"<p>Gastronomie du Pened\u00e8s : paella, fideu\u00e1, cal\u00e7otada ou viande grill\u00e9e. Mas\u00eda Vallfort offre la possibilit\u00e9 de savourer la meilleure gastronomie. Profitez de la meilleure cuisine pour votre c\u00e9l\u00e9bration, contactez-nous pour recevoir des propositions pour votre \u00e9v\u00e9nement. Profitez \u00e9galement d&rsquo;un petit-d\u00e9jeuner, d\u00e9jeuner ou d\u00eener avec des produits locaux du Pened\u00e8s. Mettez-vous en contact avec nous pour [&hellip;]<\/p>\n","protected":false},"author":1,"featured_media":7539,"comment_status":"open","ping_status":"open","sticky":true,"template":"","format":"standard","meta":{"_acf_changed":false,"footnotes":""},"categories":[23],"tags":[],"class_list":["post-7711","post","type-post","status-publish","format-standard","has-post-thumbnail","hentry","category-non-categorise"],"acf":[],"_links":{"self":[{"href":"https:\/\/vallfort.com\/fr\/wp-json\/wp\/v2\/posts\/7711","targetHints":{"allow":["GET"]}}],"collection":[{"href":"https:\/\/vallfort.com\/fr\/wp-json\/wp\/v2\/posts"}],"about":[{"href":"https:\/\/vallfort.com\/fr\/wp-json\/wp\/v2\/types\/post"}],"author":[{"embeddable":true,"href":"https:\/\/vallfort.com\/fr\/wp-json\/wp\/v2\/users\/1"}],"replies":[{"embeddable":true,"href":"https:\/\/vallfort.com\/fr\/wp-json\/wp\/v2\/comments?post=7711"}],"version-history":[{"count":1,"href":"https:\/\/vallfort.com\/fr\/wp-json\/wp\/v2\/posts\/7711\/revisions"}],"predecessor-version":[{"id":7712,"href":"https:\/\/vallfort.com\/fr\/wp-json\/wp\/v2\/posts\/7711\/revisions\/7712"}],"wp:featuredmedia":[{"embeddable":true,"href":"https:\/\/vallfort.com\/fr\/wp-json\/wp\/v2\/media\/7539"}],"wp:attachment":[{"href":"https:\/\/vallfort.com\/fr\/wp-json\/wp\/v2\/media?parent=7711"}],"wp:term":[{"taxonomy":"category","embeddable":true,"href":"https:\/\/vallfort.com\/fr\/wp-json\/wp\/v2\/categories?post=7711"},{"taxonomy":"post_tag","embeddable":true,"href":"https:\/\/vallfort.com\/fr\/wp-json\/wp\/v2\/tags?post=7711"}],"curies":[{"name":"wp","href":"https:\/\/api.w.org\/{rel}","templated":true}]}}